{"id":2043,"date":"2026-02-13T09:46:25","date_gmt":"2026-02-13T09:46:25","guid":{"rendered":"https:\/\/prosafe2.radal.eu\/?p=2043"},"modified":"2026-08-17T13:52:19","modified_gmt":"2026-08-17T13:52:19","slug":"motion-guard-safe","status":"publish","type":"post","link":"https:\/\/prosafe2.radal.eu\/sl\/produkty\/motion-guard-safe\/","title":{"rendered":"Motion Guard SAFE"},"content":{"rendered":"","protected":false},"excerpt":{"rendered":"<p>Hub 2 Plus LTE je pametna centralna nadzorna enota varnostnega sistema SAFE, ki upravlja vse njegove naprave in uporabnika opozarja na morebitne nevarnosti, kot so vlom skozi vrata, razbitje okna, vdor v varovani prostor, nevarnost po\u017eara ali poplave. Predstavlja profesionalno varnostno re\u0161itev in prvo obrambno linijo va\u0161e zasebnosti <\/p>","protected":false},"author":1,"featured_media":39,"comment_status":"closed","ping_status":"closed","sticky":false,"template":"","format":"standard","meta":{"footnotes":""},"categories":[4,8],"tags":[],"class_list":["post-2043","post","type-post","status-publish","format-standard","has-post-thumbnail","hentry","category-produkty","category-vnitrni-zabezpeceni"],"_links":{"self":[{"href":"https:\/\/prosafe2.radal.eu\/sl\/wp-json\/wp\/v2\/posts\/2043","targetHints":{"allow":["GET"]}}],"collection":[{"href":"https:\/\/prosafe2.radal.eu\/sl\/wp-json\/wp\/v2\/posts"}],"about":[{"href":"https:\/\/prosafe2.radal.eu\/sl\/wp-json\/wp\/v2\/types\/post"}],"author":[{"embeddable":true,"href":"https:\/\/prosafe2.radal.eu\/sl\/wp-json\/wp\/v2\/users\/1"}],"replies":[{"embeddable":true,"href":"https:\/\/prosafe2.radal.eu\/sl\/wp-json\/wp\/v2\/comments?post=2043"}],"version-history":[{"count":0,"href":"https:\/\/prosafe2.radal.eu\/sl\/wp-json\/wp\/v2\/posts\/2043\/revisions"}],"wp:featuredmedia":[{"embeddable":true,"href":"https:\/\/prosafe2.radal.eu\/sl\/wp-json\/wp\/v2\/media\/39"}],"wp:attachment":[{"href":"https:\/\/prosafe2.radal.eu\/sl\/wp-json\/wp\/v2\/media?parent=2043"}],"wp:term":[{"taxonomy":"category","embeddable":true,"href":"https:\/\/prosafe2.radal.eu\/sl\/wp-json\/wp\/v2\/categories?post=2043"},{"taxonomy":"post_tag","embeddable":true,"href":"https:\/\/prosafe2.radal.eu\/sl\/wp-json\/wp\/v2\/tags?post=2043"}],"curies":[{"name":"wp","href":"https:\/\/api.w.org\/{rel}","templated":true}]}}